{"id":1202,"date":"2026-05-24T17:00:32","date_gmt":"2026-05-24T15:00:32","guid":{"rendered":"http:\/\/histpat-laseyne.net\/?p=1202"},"modified":"2026-05-24T17:00:32","modified_gmt":"2026-05-24T15:00:32","slug":"le-debarquement-en-provence-et-la-resistance","status":"publish","type":"post","link":"https:\/\/histpat-laseyne.net\/?p=1202","title":{"rendered":"Le d\u00e9barquement en Provence et la R\u00e9sistance"},"content":{"rendered":"\n<p class=\"wp-block-paragraph\">Le d\u00e9barquement de Normandie, le 6 juin 1944, masque dans la m\u00e9moire collective celui de<br>Provence du 15 ao\u00fbt 1944. Or, si celui de Provence n&rsquo;est que second par sa date et les<br>moyens employ\u00e9s, il n&rsquo;en est pas pour autant secondaire.<br>En effet, ce d\u00e9barquement \u00e9tait essentiel pour le g\u00e9n\u00e9ral de Gaulle comme pour la<br>population et les r\u00e9sistants, massivement mobilis\u00e9s depuis le 6 juin, et qui attendaient<br>impatiemment ce second d\u00e9barquement.\u00a0!!<br>Et il en est un peu de m\u00eame avec le r\u00f4le de la R\u00e9sistance au cours du d\u00e9barquement de<br>Provence. Comme l\u2019\u00e9crit Franck Arnal, \u00ab\u00a0la R\u00e9sistance fut calomni\u00e9e par les uns, usurp\u00e9e par<br>d\u2019autres. Mais elle fut avant tout une adh\u00e9sion spontan\u00e9e, d\u00e9sint\u00e9ress\u00e9e, un r\u00e9flexe de ceux<br>qui n\u2019acceptaient pas la d\u00e9faite dans le d\u00e9shonneur\u00a0\u00bb.<br>C\u2019est le r\u00f4le essentiel de la R\u00e9sistance dans ce d\u00e9barquement que cette conf\u00e9rence veut<br>modestement \u00e9voquer.<br><em>Bernard ARGIOLAS<\/em><\/p>\n\n\n\n<p class=\"wp-block-paragraph\">Le\u00a0Bessillon\u00a0est le sommet le plus haut du centre du Var.<\/p>\n\n\n\n<p class=\"wp-block-paragraph\"> Les villages alentour sont\u00a0Barjols,\u00a0 Pontev\u00e8s ,\u00a0Cotignac et\u00a0 Correns \u00a0au sud.\u00a0 De par pour sa situation isol\u00e9e et tr\u00e8s bois\u00e9e, le\u00a0Bessillon\u00a0a \u00e9t\u00e9 un haut-lieu de la R\u00e9sistance, sous l&rsquo;occupation allemande.<br>Le 27 juillet 1944, 8 maquisards et 10 otages sont tomb\u00e9s ici sous les balles des nazis et de la milice fran\u00e7aise.<\/p>\n\n\n\n<p class=\"wp-block-paragraph\"><br><strong>Le t\u00e9moignage de deux R\u00e9sistants seynois\u00a0:<br><\/strong><br><strong>Andr\u00e9 Salvetti, dit Tacade<br><\/strong>Andr\u00e9 Salvetti\u00a0est n\u00e9 \u00e0 La Seyne en 1922, il a \u00e9t\u00e9 ouvrier aux Forges et Chantiers, puis agent<br>de ma\u00eetrise aux CNIM C\u2019est une \u00a0figure de la R\u00e9sistance. Seul rescap\u00e9 du massacre du<br>Bessillon, le 27 juillet 1944.<br>Militant du Parti communiste et de la CGT, il a \u00e9t\u00e9 conseiller municipal de 1953 \u00e0 1977.<br><br><strong>Paul\u00a0 Raybaud<br><\/strong>M\u00e9decin de formation, il fit partie des cr\u00e9ateurs du maquis Francs-Tireurs et Partisans<br>\u201cRobert\u201c \u00e0 Aups.<br>Il \u00e9chappa \u00e0 la mort lors de la tragique journ\u00e9e du 22\u00a0juillet 1944 o\u00f9 plusieurs de ses<br>camarades furent abattus.<br>D\u00e9cor\u00e9 de la croix de guerre, homologu\u00e9 comme sous-lieutenant FTP.<br>Au d\u00e9but des ann\u00e9es 1950, il est nomm\u00e9 Directeur du Centre m\u00e9dico-social municipal de La<br>Seyne, et plus tard, Pr\u00e9sident d\u00e9partemental de l\u2019ANACR, \u00a0jusqu\u2019en 2007.<\/p>\n","protected":false},"excerpt":{"rendered":"<p>Le d\u00e9barquement de Normandie, le 6 juin 1944, masque dans la m\u00e9moire collective celui deProvence du 15 ao\u00fbt 1944. Or, si celui de Provence n&rsquo;est que second par sa date et lesmoyens employ\u00e9s, il n&rsquo;en est pas pour autant secondaire.En effet, ce d\u00e9barquement \u00e9tait essentiel pour le g\u00e9n\u00e9ral de Gaulle comme pour lapopulation et les [&hellip;]<\/p>\n","protected":false},"author":1,"featured_media":1203,"comment_status":"open","ping_status":"closed","sticky":false,"template":"","format":"standard","meta":{"footnotes":""},"categories":[204],"tags":[],"class_list":["post-1202","post","type-post","status-publish","format-standard","has-post-thumbnail","hentry","category-actualites"],"_links":{"self":[{"href":"https:\/\/histpat-laseyne.net\/index.php?rest_route=\/wp\/v2\/posts\/1202","targetHints":{"allow":["GET"]}}],"collection":[{"href":"https:\/\/histpat-laseyne.net\/index.php?rest_route=\/wp\/v2\/posts"}],"about":[{"href":"https:\/\/histpat-laseyne.net\/index.php?rest_route=\/wp\/v2\/types\/post"}],"author":[{"embeddable":true,"href":"https:\/\/histpat-laseyne.net\/index.php?rest_route=\/wp\/v2\/users\/1"}],"replies":[{"embeddable":true,"href":"https:\/\/histpat-laseyne.net\/index.php?rest_route=%2Fwp%2Fv2%2Fcomments&post=1202"}],"version-history":[{"count":1,"href":"https:\/\/histpat-laseyne.net\/index.php?rest_route=\/wp\/v2\/posts\/1202\/revisions"}],"predecessor-version":[{"id":1204,"href":"https:\/\/histpat-laseyne.net\/index.php?rest_route=\/wp\/v2\/posts\/1202\/revisions\/1204"}],"wp:featuredmedia":[{"embeddable":true,"href":"https:\/\/histpat-laseyne.net\/index.php?rest_route=\/wp\/v2\/media\/1203"}],"wp:attachment":[{"href":"https:\/\/histpat-laseyne.net\/index.php?rest_route=%2Fwp%2Fv2%2Fmedia&parent=1202"}],"wp:term":[{"taxonomy":"category","embeddable":true,"href":"https:\/\/histpat-laseyne.net\/index.php?rest_route=%2Fwp%2Fv2%2Fcategories&post=1202"},{"taxonomy":"post_tag","embeddable":true,"href":"https:\/\/histpat-laseyne.net\/index.php?rest_route=%2Fwp%2Fv2%2Ftags&post=1202"}],"curies":[{"name":"wp","href":"https:\/\/api.w.org\/{rel}","templated":true}]}}